{"id":14621,"date":"2024-02-27T18:52:09","date_gmt":"2024-02-28T00:52:09","guid":{"rendered":"https:\/\/livialamblet.com\/?p=14621"},"modified":"2024-02-27T19:05:09","modified_gmt":"2024-02-28T01:05:09","slug":"o-menino-palestino-sentado-nos-destrocos","status":"publish","type":"post","link":"https:\/\/livialamblet.com\/eng\/arte\/o-menino-palestino-sentado-nos-destrocos\/","title":{"rendered":"The palestinian kid sitting on the wreckage"},"content":{"rendered":"<p>The palestinian kid sitting on the wreckage is a painting that I created based on a photo that I saw on internet and I immediately decided to paint.<\/p>\n<p class=\" translation-block\">The palestinian issue has always touched me. When I saw the photo taken by the palestinian photohournalist <a href=\"https:\/\/www.instagram.com\/hani.alshaer\" target=\"_self\">Hani Alshaer<\/a>, I felt that I should show this child to the world. The palestinian kid lives in Gaza and, after I started painting him, I wonder every day if he's still alive.<\/p>\n<p><img fetchpriority=\"high\" decoding=\"async\" class=\"size-medium wp-image-14624 alignright\" src=\"http:\/\/livialamblet.com\/wp-content\/uploads\/2024\/02\/menino-palestino-300x225.jpeg\" alt=\"O menino palestino olha, desolado, para seu gatinho morto pelas bombas de Israel. The palestinian kid is devastated looking at his kitty who was killed by the israely bombs.\" width=\"300\" height=\"225\" \/><\/p>\n<p>In fact there are two photos of this child, and both of them are heartbreaking. The first is represented through my painting, the only difference is that the boy is colored and the background is black and white. The second one...well...I'll let you interpretate it.<\/p>\n<p class=\" translation-block\">More than feeling mad about this image, it causes a deep sadness. When you look at it we believe there's no solution for humanity. However, we can't stop believing <strong>because there are still people alive<\/strong>. We're not allowed of not talking about their stories.<strong>They need us together to create a better world for them.<\/strong><img loading=\"lazy\" class=\"size-medium wp-image-14627 alignleft\" src=\"http:\/\/livialamblet.com\/wp-content\/uploads\/2024\/02\/story-169x300.jpeg\" alt=\"Print do meu compartilhamento do story no qual Hani falou de mimPrint of my shared story where Hani spoke about me\" width=\"169\" height=\"300\"><\/p>\n<p class=\" translation-block\">I contacted Hani and I asked if I could paint his photo. I never imagined that I would receive an answer, but he saw my message and, through Google Translate we spoke in Arabic and he shared me painting the palestinian kid with his 80 thousand followers, saying that a Brazilian artist was painting one of his images. <em>I cried like a baby when I saw what he said<\/em>.<\/p>\n<p>I finished this piece on January 9th 2024, and I made the background black and white to create a contrast of a kid on a gray ambiance. It's disturbing. No one should live like that, especially when you're a kid. I have a daughter and I believe that this little boy should have the same quality of life that my little one does. Not just them, but all the creatures. That's the world I believe in and that's why I create my artwork.<\/p>\n<p class=\" translation-block\">Right now this painting is exposed at Noyes Art Gallery, in Lincoln, Nebraska, USA. It's by my <a href=\"https:\/\/livialamblet.com\/eng\/arte\/sonia-guajajara-e-a-bandeira-do-brasil-manchada-de-sangue\/\" target=\"_self\">S\u00f4nia Guajajara painting<\/a>, that I created before. My art is political, and it's through it that I want people to see those who are invisible to society.<\/p>\n<p>This image is not just about shocking others, but making people think about who they are voting for and which causes they deffend. The world can't be colored for some and gray for others. The palestinian kid, like all other creatures on this planet, deserve to live peacefully.<\/p>","protected":false},"excerpt":{"rendered":"<p>The palestinian kid sitting on the wreckage is a painting that I created based on a photo that I saw on internet and I ... <a title=\"The palestinian kid sitting on the wreckage\" class=\"read-more\" href=\"https:\/\/livialamblet.com\/eng\/arte\/o-menino-palestino-sentado-nos-destrocos\/\" aria-label=\"More on O menino palestino sentado nos destro\u00e7os\">Read more<\/a><\/p>","protected":false},"author":1,"featured_media":14623,"comment_status":"open","ping_status":"open","sticky":false,"template":"","format":"standard","meta":{"om_disable_all_campaigns":false,"_themeisle_gutenberg_block_has_review":false,"_jetpack_memberships_contains_paid_content":false,"footnotes":""},"categories":[20],"tags":[167,60,174,168,170,171,173,172,61,169],"class_list":["post-14621","post","type-post","status-publish","format-standard","has-post-thumbnail","hentry","category-arte","tag-art","tag-arte","tag-free-palestine","tag-o-menino-palestino","tag-painting","tag-palestina","tag-palestina-livre","tag-palestine","tag-pintura","tag-the-palestinian-kid","no-featured-image-padding"],"yoast_head":"<!-- This site is optimized with the Yoast SEO Premium plugin v20.9 (Yoast SEO v22.4) - https:\/\/yoast.com\/wordpress\/plugins\/seo\/ -->\n<title>O menino palestino sentado nos destro\u00e7os - L\u00edvia Lamblet<\/title>\n<meta name=\"description\" content=\"O menino palestino sentado nos destro\u00e7os \u00e9 uma pintura que eu criei baseada em uma foto que vi na internet\" \/>\n<meta name=\"robots\" content=\"index, follow, max-snippet:-1, max-image-preview:large, max-video-preview:-1\" \/>\n<link rel=\"canonical\" href=\"https:\/\/livialamblet.com\/eng\/arte\/o-menino-palestino-sentado-nos-destrocos\/\" \/>\n<meta property=\"og:locale\" content=\"en_US\" \/>\n<meta property=\"og:type\" content=\"article\" \/>\n<meta property=\"og:title\" content=\"O menino palestino sentado nos destro\u00e7os\" \/>\n<meta property=\"og:description\" content=\"O menino palestino sentado nos destro\u00e7os \u00e9 uma pintura que eu criei baseada em uma foto que vi na internet\" \/>\n<meta property=\"og:url\" content=\"https:\/\/livialamblet.com\/eng\/arte\/o-menino-palestino-sentado-nos-destrocos\/\" \/>\n<meta property=\"og:site_name\" content=\"L\u00edvia Lamblet\" \/>\n<meta property=\"article:published_time\" content=\"2024-02-28T00:52:09+00:00\" \/>\n<meta property=\"article:modified_time\" content=\"2024-02-28T01:05:09+00:00\" \/>\n<meta property=\"og:image\" content=\"http:\/\/livialamblet.com\/wp-content\/uploads\/2024\/02\/o-menino-palestino-scaled.jpeg\" \/>\n\t<meta property=\"og:image:width\" content=\"2560\" \/>\n\t<meta property=\"og:image:height\" content=\"2061\" \/>\n\t<meta property=\"og:image:type\" content=\"image\/jpeg\" \/>\n<meta name=\"author\" content=\"Livia Lamblet\" \/>\n<meta name=\"twitter:card\" content=\"summary_large_image\" \/>\n<meta name=\"twitter:label1\" content=\"Written by\" \/>\n\t<meta name=\"twitter:data1\" content=\"Livia Lamblet\" \/>\n\t<meta name=\"twitter:label2\" content=\"Est. reading time\" \/>\n\t<meta name=\"twitter:data2\" content=\"3 minutes\" \/>\n<script type=\"application\/ld+json\" class=\"yoast-schema-graph\">{\"@context\":\"https:\/\/schema.org\",\"@graph\":[{\"@type\":\"Article\",\"@id\":\"https:\/\/livialamblet.com\/arte\/o-menino-palestino-sentado-nos-destrocos\/#article\",\"isPartOf\":{\"@id\":\"https:\/\/livialamblet.com\/arte\/o-menino-palestino-sentado-nos-destrocos\/\"},\"author\":{\"name\":\"Livia Lamblet\",\"@id\":\"https:\/\/livialamblet.com\/#\/schema\/person\/269b6c450ef36015a75d99e423b7195b\"},\"headline\":\"O menino palestino sentado nos destro\u00e7os\",\"datePublished\":\"2024-02-28T00:52:09+00:00\",\"dateModified\":\"2024-02-28T01:05:09+00:00\",\"mainEntityOfPage\":{\"@id\":\"https:\/\/livialamblet.com\/arte\/o-menino-palestino-sentado-nos-destrocos\/\"},\"wordCount\":449,\"commentCount\":0,\"publisher\":{\"@id\":\"https:\/\/livialamblet.com\/#organization\"},\"image\":{\"@id\":\"https:\/\/livialamblet.com\/arte\/o-menino-palestino-sentado-nos-destrocos\/#primaryimage\"},\"thumbnailUrl\":\"https:\/\/livialamblet.com\/wp-content\/uploads\/2024\/02\/o-menino-palestino-scaled.jpeg\",\"keywords\":[\"art\",\"arte\",\"free palestine\",\"o menino palestino\",\"painting\",\"palestina\",\"palestina livre\",\"palestine\",\"pintura\",\"the palestinian kid\"],\"articleSection\":[\"Arte\"],\"inLanguage\":\"en-US\",\"potentialAction\":[{\"@type\":\"CommentAction\",\"name\":\"Comment\",\"target\":[\"https:\/\/livialamblet.com\/arte\/o-menino-palestino-sentado-nos-destrocos\/#respond\"]}]},{\"@type\":\"WebPage\",\"@id\":\"https:\/\/livialamblet.com\/arte\/o-menino-palestino-sentado-nos-destrocos\/\",\"url\":\"https:\/\/livialamblet.com\/arte\/o-menino-palestino-sentado-nos-destrocos\/\",\"name\":\"O menino palestino sentado nos destro\u00e7os - L\u00edvia Lamblet\",\"isPartOf\":{\"@id\":\"https:\/\/livialamblet.com\/#website\"},\"primaryImageOfPage\":{\"@id\":\"https:\/\/livialamblet.com\/arte\/o-menino-palestino-sentado-nos-destrocos\/#primaryimage\"},\"image\":{\"@id\":\"https:\/\/livialamblet.com\/arte\/o-menino-palestino-sentado-nos-destrocos\/#primaryimage\"},\"thumbnailUrl\":\"https:\/\/livialamblet.com\/wp-content\/uploads\/2024\/02\/o-menino-palestino-scaled.jpeg\",\"datePublished\":\"2024-02-28T00:52:09+00:00\",\"dateModified\":\"2024-02-28T01:05:09+00:00\",\"description\":\"O menino palestino sentado nos destro\u00e7os \u00e9 uma pintura que eu criei baseada em uma foto que vi na internet\",\"breadcrumb\":{\"@id\":\"https:\/\/livialamblet.com\/arte\/o-menino-palestino-sentado-nos-destrocos\/#breadcrumb\"},\"inLanguage\":\"en-US\",\"potentialAction\":[{\"@type\":\"ReadAction\",\"target\":[\"https:\/\/livialamblet.com\/arte\/o-menino-palestino-sentado-nos-destrocos\/\"]}]},{\"@type\":\"ImageObject\",\"inLanguage\":\"en-US\",\"@id\":\"https:\/\/livialamblet.com\/arte\/o-menino-palestino-sentado-nos-destrocos\/#primaryimage\",\"url\":\"https:\/\/livialamblet.com\/wp-content\/uploads\/2024\/02\/o-menino-palestino-scaled.jpeg\",\"contentUrl\":\"https:\/\/livialamblet.com\/wp-content\/uploads\/2024\/02\/o-menino-palestino-scaled.jpeg\",\"width\":2560,\"height\":2061,\"caption\":\"O menino palestino sentado sobre os escombros. \u00d3leo sobre tela. The palestinian kid sitting on the debris. Oil on canvas.\"},{\"@type\":\"BreadcrumbList\",\"@id\":\"https:\/\/livialamblet.com\/arte\/o-menino-palestino-sentado-nos-destrocos\/#breadcrumb\",\"itemListElement\":[{\"@type\":\"ListItem\",\"position\":1,\"name\":\"In\u00edcio\",\"item\":\"https:\/\/livialamblet.com\/\"},{\"@type\":\"ListItem\",\"position\":2,\"name\":\"O menino palestino sentado nos destro\u00e7os\"}]},{\"@type\":\"WebSite\",\"@id\":\"https:\/\/livialamblet.com\/#website\",\"url\":\"https:\/\/livialamblet.com\/\",\"name\":\"L\u00edvia Lamblet\",\"description\":\"Artes Visuais\",\"publisher\":{\"@id\":\"https:\/\/livialamblet.com\/#organization\"},\"potentialAction\":[{\"@type\":\"SearchAction\",\"target\":{\"@type\":\"EntryPoint\",\"urlTemplate\":\"https:\/\/livialamblet.com\/?s={search_term_string}\"},\"query-input\":\"required name=search_term_string\"}],\"inLanguage\":\"en-US\"},{\"@type\":\"Organization\",\"@id\":\"https:\/\/livialamblet.com\/#organization\",\"name\":\"L\u00edvia Lamblet\",\"url\":\"https:\/\/livialamblet.com\/\",\"logo\":{\"@type\":\"ImageObject\",\"inLanguage\":\"en-US\",\"@id\":\"https:\/\/livialamblet.com\/#\/schema\/logo\/image\/\",\"url\":\"https:\/\/livialamblet.com\/wp-content\/uploads\/2024\/04\/cropped-capa-com-fundo-sonia.png\",\"contentUrl\":\"https:\/\/livialamblet.com\/wp-content\/uploads\/2024\/04\/cropped-capa-com-fundo-sonia.png\",\"width\":2220,\"height\":618,\"caption\":\"L\u00edvia Lamblet\"},\"image\":{\"@id\":\"https:\/\/livialamblet.com\/#\/schema\/logo\/image\/\"}},{\"@type\":\"Person\",\"@id\":\"https:\/\/livialamblet.com\/#\/schema\/person\/269b6c450ef36015a75d99e423b7195b\",\"name\":\"Livia Lamblet\",\"image\":{\"@type\":\"ImageObject\",\"inLanguage\":\"en-US\",\"@id\":\"https:\/\/livialamblet.com\/#\/schema\/person\/image\/\",\"url\":\"https:\/\/secure.gravatar.com\/avatar\/1253d584d6a695b6e2bb9d97ecf8b04def01adf178c82688042ac9e76c2d93ce?s=96&d=mm&r=g\",\"contentUrl\":\"https:\/\/secure.gravatar.com\/avatar\/1253d584d6a695b6e2bb9d97ecf8b04def01adf178c82688042ac9e76c2d93ce?s=96&d=mm&r=g\",\"caption\":\"Livia Lamblet\"},\"sameAs\":[\"http:\/\/livialamblet.com\"],\"url\":\"https:\/\/livialamblet.com\/eng\/author\/livia\/\"}]}<\/script>\n<!-- \/ Yoast SEO Premium plugin. -->","yoast_head_json":{"title":"O menino palestino sentado nos destro\u00e7os - L\u00edvia Lamblet","description":"O menino palestino sentado nos destro\u00e7os \u00e9 uma pintura que eu criei baseada em uma foto que vi na internet","robots":{"index":"index","follow":"follow","max-snippet":"max-snippet:-1","max-image-preview":"max-image-preview:large","max-video-preview":"max-video-preview:-1"},"canonical":"https:\/\/livialamblet.com\/eng\/arte\/o-menino-palestino-sentado-nos-destrocos\/","og_locale":"en_US","og_type":"article","og_title":"O menino palestino sentado nos destro\u00e7os","og_description":"O menino palestino sentado nos destro\u00e7os \u00e9 uma pintura que eu criei baseada em uma foto que vi na internet","og_url":"https:\/\/livialamblet.com\/eng\/arte\/o-menino-palestino-sentado-nos-destrocos\/","og_site_name":"L\u00edvia Lamblet","article_published_time":"2024-02-28T00:52:09+00:00","article_modified_time":"2024-02-28T01:05:09+00:00","og_image":[{"width":2560,"height":2061,"url":"http:\/\/livialamblet.com\/wp-content\/uploads\/2024\/02\/o-menino-palestino-scaled.jpeg","type":"image\/jpeg"}],"author":"Livia Lamblet","twitter_card":"summary_large_image","twitter_misc":{"Written by":"Livia Lamblet","Est. reading time":"3 minutes"},"schema":{"@context":"https:\/\/schema.org","@graph":[{"@type":"Article","@id":"https:\/\/livialamblet.com\/arte\/o-menino-palestino-sentado-nos-destrocos\/#article","isPartOf":{"@id":"https:\/\/livialamblet.com\/arte\/o-menino-palestino-sentado-nos-destrocos\/"},"author":{"name":"Livia Lamblet","@id":"https:\/\/livialamblet.com\/#\/schema\/person\/269b6c450ef36015a75d99e423b7195b"},"headline":"O menino palestino sentado nos destro\u00e7os","datePublished":"2024-02-28T00:52:09+00:00","dateModified":"2024-02-28T01:05:09+00:00","mainEntityOfPage":{"@id":"https:\/\/livialamblet.com\/arte\/o-menino-palestino-sentado-nos-destrocos\/"},"wordCount":449,"commentCount":0,"publisher":{"@id":"https:\/\/livialamblet.com\/#organization"},"image":{"@id":"https:\/\/livialamblet.com\/arte\/o-menino-palestino-sentado-nos-destrocos\/#primaryimage"},"thumbnailUrl":"https:\/\/livialamblet.com\/wp-content\/uploads\/2024\/02\/o-menino-palestino-scaled.jpeg","keywords":["art","arte","free palestine","o menino palestino","painting","palestina","palestina livre","palestine","pintura","the palestinian kid"],"articleSection":["Arte"],"inLanguage":"en-US","potentialAction":[{"@type":"CommentAction","name":"Comment","target":["https:\/\/livialamblet.com\/arte\/o-menino-palestino-sentado-nos-destrocos\/#respond"]}]},{"@type":"WebPage","@id":"https:\/\/livialamblet.com\/arte\/o-menino-palestino-sentado-nos-destrocos\/","url":"https:\/\/livialamblet.com\/arte\/o-menino-palestino-sentado-nos-destrocos\/","name":"O menino palestino sentado nos destro\u00e7os - L\u00edvia Lamblet","isPartOf":{"@id":"https:\/\/livialamblet.com\/#website"},"primaryImageOfPage":{"@id":"https:\/\/livialamblet.com\/arte\/o-menino-palestino-sentado-nos-destrocos\/#primaryimage"},"image":{"@id":"https:\/\/livialamblet.com\/arte\/o-menino-palestino-sentado-nos-destrocos\/#primaryimage"},"thumbnailUrl":"https:\/\/livialamblet.com\/wp-content\/uploads\/2024\/02\/o-menino-palestino-scaled.jpeg","datePublished":"2024-02-28T00:52:09+00:00","dateModified":"2024-02-28T01:05:09+00:00","description":"O menino palestino sentado nos destro\u00e7os \u00e9 uma pintura que eu criei baseada em uma foto que vi na internet","breadcrumb":{"@id":"https:\/\/livialamblet.com\/arte\/o-menino-palestino-sentado-nos-destrocos\/#breadcrumb"},"inLanguage":"en-US","potentialAction":[{"@type":"ReadAction","target":["https:\/\/livialamblet.com\/arte\/o-menino-palestino-sentado-nos-destrocos\/"]}]},{"@type":"ImageObject","inLanguage":"en-US","@id":"https:\/\/livialamblet.com\/arte\/o-menino-palestino-sentado-nos-destrocos\/#primaryimage","url":"https:\/\/livialamblet.com\/wp-content\/uploads\/2024\/02\/o-menino-palestino-scaled.jpeg","contentUrl":"https:\/\/livialamblet.com\/wp-content\/uploads\/2024\/02\/o-menino-palestino-scaled.jpeg","width":2560,"height":2061,"caption":"O menino palestino sentado sobre os escombros. \u00d3leo sobre tela. The palestinian kid sitting on the debris. Oil on canvas."},{"@type":"BreadcrumbList","@id":"https:\/\/livialamblet.com\/arte\/o-menino-palestino-sentado-nos-destrocos\/#breadcrumb","itemListElement":[{"@type":"ListItem","position":1,"name":"In\u00edcio","item":"https:\/\/livialamblet.com\/"},{"@type":"ListItem","position":2,"name":"O menino palestino sentado nos destro\u00e7os"}]},{"@type":"WebSite","@id":"https:\/\/livialamblet.com\/#website","url":"https:\/\/livialamblet.com\/","name":"L\u00edvia Lamblet","description":"Artes Visuais","publisher":{"@id":"https:\/\/livialamblet.com\/#organization"},"potentialAction":[{"@type":"SearchAction","target":{"@type":"EntryPoint","urlTemplate":"https:\/\/livialamblet.com\/?s={search_term_string}"},"query-input":"required name=search_term_string"}],"inLanguage":"en-US"},{"@type":"Organization","@id":"https:\/\/livialamblet.com\/#organization","name":"L\u00edvia Lamblet","url":"https:\/\/livialamblet.com\/","logo":{"@type":"ImageObject","inLanguage":"en-US","@id":"https:\/\/livialamblet.com\/#\/schema\/logo\/image\/","url":"https:\/\/livialamblet.com\/wp-content\/uploads\/2024\/04\/cropped-capa-com-fundo-sonia.png","contentUrl":"https:\/\/livialamblet.com\/wp-content\/uploads\/2024\/04\/cropped-capa-com-fundo-sonia.png","width":2220,"height":618,"caption":"L\u00edvia Lamblet"},"image":{"@id":"https:\/\/livialamblet.com\/#\/schema\/logo\/image\/"}},{"@type":"Person","@id":"https:\/\/livialamblet.com\/#\/schema\/person\/269b6c450ef36015a75d99e423b7195b","name":"Livia Lamblet","image":{"@type":"ImageObject","inLanguage":"en-US","@id":"https:\/\/livialamblet.com\/#\/schema\/person\/image\/","url":"https:\/\/secure.gravatar.com\/avatar\/1253d584d6a695b6e2bb9d97ecf8b04def01adf178c82688042ac9e76c2d93ce?s=96&d=mm&r=g","contentUrl":"https:\/\/secure.gravatar.com\/avatar\/1253d584d6a695b6e2bb9d97ecf8b04def01adf178c82688042ac9e76c2d93ce?s=96&d=mm&r=g","caption":"Livia Lamblet"},"sameAs":["http:\/\/livialamblet.com"],"url":"https:\/\/livialamblet.com\/eng\/author\/livia\/"}]}},"jetpack_featured_media_url":"https:\/\/livialamblet.com\/wp-content\/uploads\/2024\/02\/o-menino-palestino-scaled.jpeg","jetpack_sharing_enabled":true,"rttpg_featured_image_url":{"full":["https:\/\/livialamblet.com\/wp-content\/uploads\/2024\/02\/o-menino-palestino-scaled.jpeg",2560,2061,false],"landscape":["https:\/\/livialamblet.com\/wp-content\/uploads\/2024\/02\/o-menino-palestino-scaled.jpeg",2560,2061,false],"portraits":["https:\/\/livialamblet.com\/wp-content\/uploads\/2024\/02\/o-menino-palestino-scaled.jpeg",2560,2061,false],"thumbnail":["https:\/\/livialamblet.com\/wp-content\/uploads\/2024\/02\/o-menino-palestino-150x150.jpeg",150,150,true],"medium":["https:\/\/livialamblet.com\/wp-content\/uploads\/2024\/02\/o-menino-palestino-300x241.jpeg",300,241,true],"large":["https:\/\/livialamblet.com\/wp-content\/uploads\/2024\/02\/o-menino-palestino-1024x824.jpeg",1024,824,true],"1536x1536":["https:\/\/livialamblet.com\/wp-content\/uploads\/2024\/02\/o-menino-palestino-1536x1236.jpeg",1536,1236,true],"2048x2048":["https:\/\/livialamblet.com\/wp-content\/uploads\/2024\/02\/o-menino-palestino-2048x1648.jpeg",2048,1648,true],"trp-custom-language-flag":["https:\/\/livialamblet.com\/wp-content\/uploads\/2024\/02\/o-menino-palestino-15x12.jpeg",15,12,true],"patricia_minimal_blog_post":["https:\/\/livialamblet.com\/wp-content\/uploads\/2024\/02\/o-menino-palestino-scaled.jpeg",850,684,false],"patricia_minimal_list_post":["https:\/\/livialamblet.com\/wp-content\/uploads\/2024\/02\/o-menino-palestino-scaled.jpeg",262,211,false],"patricia_minimal_widget_thumb":["https:\/\/livialamblet.com\/wp-content\/uploads\/2024\/02\/o-menino-palestino-scaled.jpeg",75,60,false],"patricia_minimal_related_posts":["https:\/\/livialamblet.com\/wp-content\/uploads\/2024\/02\/o-menino-palestino-scaled.jpeg",245,197,false]},"rttpg_author":{"display_name":"Livia Lamblet","author_link":"https:\/\/livialamblet.com\/eng\/author\/livia\/"},"rttpg_comment":181,"rttpg_category":"<a href=\"https:\/\/livialamblet.com\/eng\/categoria\/arte\/\" rel=\"category tag\">Arte<\/a>","rttpg_excerpt":"O menino palestino sentado nos destro\u00e7os \u00e9 uma pintura que eu criei baseada em uma foto que vi na internet e que imediatamente ... Read more","_links":{"self":[{"href":"https:\/\/livialamblet.com\/eng\/wp-json\/wp\/v2\/posts\/14621","targetHints":{"allow":["GET"]}}],"collection":[{"href":"https:\/\/livialamblet.com\/eng\/wp-json\/wp\/v2\/posts"}],"about":[{"href":"https:\/\/livialamblet.com\/eng\/wp-json\/wp\/v2\/types\/post"}],"author":[{"embeddable":true,"href":"https:\/\/livialamblet.com\/eng\/wp-json\/wp\/v2\/users\/1"}],"replies":[{"embeddable":true,"href":"https:\/\/livialamblet.com\/eng\/wp-json\/wp\/v2\/comments?post=14621"}],"version-history":[{"count":3,"href":"https:\/\/livialamblet.com\/eng\/wp-json\/wp\/v2\/posts\/14621\/revisions"}],"predecessor-version":[{"id":14628,"href":"https:\/\/livialamblet.com\/eng\/wp-json\/wp\/v2\/posts\/14621\/revisions\/14628"}],"wp:featuredmedia":[{"embeddable":true,"href":"https:\/\/livialamblet.com\/eng\/wp-json\/wp\/v2\/media\/14623"}],"wp:attachment":[{"href":"https:\/\/livialamblet.com\/eng\/wp-json\/wp\/v2\/media?parent=14621"}],"wp:term":[{"taxonomy":"category","embeddable":true,"href":"https:\/\/livialamblet.com\/eng\/wp-json\/wp\/v2\/categories?post=14621"},{"taxonomy":"post_tag","embeddable":true,"href":"https:\/\/livialamblet.com\/eng\/wp-json\/wp\/v2\/tags?post=14621"}],"curies":[{"name":"wp","href":"https:\/\/api.w.org\/{rel}","templated":true}]}}